[{"@context":"https:\/\/schema.org\/","@type":"Article","@id":"https:\/\/www.vamez.cz\/mate-tepelne-cerpadlo\/#Article","mainEntityOfPage":"https:\/\/www.vamez.cz\/mate-tepelne-cerpadlo\/","headline":"M\u00e1te tepeln\u00e9 \u010derpadlo?","name":"M\u00e1te tepeln\u00e9 \u010derpadlo?","description":"Ka\u017ed\u00fd z lid\u00ed v\u00ed, jak\u00fd je rozd\u00edl mezi zimou a teplem. A v\u00ed tud\u00ed\u017e i to, jak se zbavit nep\u0159\u00edjemn\u00fdch pocit\u016f souvisej\u00edc\u00edch s n\u00edzkou teplotou. Nep\u0159\u00edjemn\u00fdch pocit\u016f, je\u017e v n\u00e1s vyvol\u00e1v\u00e1 zima, se prost\u011b m\u016f\u017eeme zbavit tak, \u017ee se v\u00edce oble\u010deme, anebo si zatop\u00edme. A je zn\u00e1mo, \u017ee doma, v pr\u00e1ci a na podobn\u00fdch m\u00edstech &hellip; ","datePublished":"2022-07-23","dateModified":"2024-02-01","author":{"@type":"Person","@id":"https:\/\/www.vamez.cz\/author\/devene\/#Person","name":"devene","url":"https:\/\/www.vamez.cz\/author\/devene\/","identifier":1,"image":{"@type":"ImageObject","@id":"https:\/\/secure.gravatar.com\/avatar\/093836c6bc976bea6a4c3cd39f9136c261430c33201aa865249fef2be34e3fdb?s=96&d=mm&r=g","url":"https:\/\/secure.gravatar.com\/avatar\/093836c6bc976bea6a4c3cd39f9136c261430c33201aa865249fef2be34e3fdb?s=96&d=mm&r=g","height":96,"width":96}},"publisher":{"@type":"Organization","name":"vamez.cz","logo":{"@type":"ImageObject","@id":"\/logo.png","url":"\/logo.png","width":600,"height":60}},"image":{"@type":"ImageObject","@id":"https:\/\/www.vamez.cz\/wp-content\/uploads\/regulace%20tepla.jpg","url":"https:\/\/www.vamez.cz\/wp-content\/uploads\/regulace%20tepla.jpg","height":0,"width":0},"url":"https:\/\/www.vamez.cz\/mate-tepelne-cerpadlo\/","wordCount":439,"articleBody":"   Ka\u017ed\u00fd z lid\u00ed v\u00ed, jak\u00fd je rozd\u00edl mezi zimou a teplem. A v\u00ed tud\u00ed\u017e i to, jak se zbavit nep\u0159\u00edjemn\u00fdch pocit\u016f souvisej\u00edc\u00edch s n\u00edzkou teplotou. Nep\u0159\u00edjemn\u00fdch pocit\u016f, je\u017e v n\u00e1s vyvol\u00e1v\u00e1 zima, se prost\u011b m\u016f\u017eeme zbavit tak, \u017ee se v\u00edce oble\u010deme, anebo si zatop\u00edme. A je zn\u00e1mo, \u017ee doma, v pr\u00e1ci a na podobn\u00fdch m\u00edstech preferujeme topen\u00ed p\u0159ed pobytem v n\u011bkolika vrstv\u00e1ch tepl\u00e9ho oble\u010den\u00ed, t\u0159eba ve svetru a ko\u017eichu.Jen\u017ee topen\u00ed nep\u0159in\u00e1\u0161\u00ed v\u017edycky jenom lib\u00e9 pocity. D\u011bl\u00e1 dob\u0159e t\u011blu, ale du\u0161e pro zm\u011bnu velice \u010dasto str\u00e1d\u00e1. A to \u010d\u00edm d\u00e1l v\u00edc, \u00fam\u011brn\u011b tomu, jak stoupaj\u00ed ceny energi\u00ed.Ka\u017ed\u00fd by si tak tedy leckdy r\u00e1d zatopil elekt\u0159inou. Dos\u00e1hl by takov\u00e9ho tepla pohodln\u011b, se zachov\u00e1n\u00edm naprost\u00e9 \u010distoty, nem\u011bl by doma kou\u0159 ani nemusel vyn\u00e1\u0161et popel z domu a naopak d\u0159evo a uhl\u00ed sem. Ale p\u0159i t\u011bch cen\u00e1ch, kter\u00e9 se dnes s elekt\u0159inou spojuj\u00ed, takov\u00e9mu \u010dlov\u011bku i v tom nejv\u011bt\u0161\u00edm teple zmrzne \u00fasm\u011bv na rtech.To by asi bylo lep\u0161\u00ed zatopit si v klasick\u00fdch kamnech na tuh\u00e1 paliva. Jen\u017ee tady se zase vy\u017eaduje dodr\u017eov\u00e1n\u00ed p\u0159\u00edsn\u00fdch norem, co se \u010distoty ovzdu\u0161\u00ed t\u00fdk\u00e1, a sta\u010dil by klidn\u011b i jedin\u00fd udava\u010d z okol\u00ed, aby onomu \u010dlov\u011bku zatopily \u00fa\u0159ady. A to tak, \u017ee by mu sice bylo p\u011bkn\u011b horko, ale ur\u010dit\u011b ne p\u0159\u00edjemn\u011b teplo.Tak\u017ee \u010d\u00edm si tedy zatopit, aby n\u00e1m bylo dob\u0159e, abychom se ale ani nezruinovali a nenad\u011blali si probl\u00e9my a nep\u0159\u00e1tele?Skv\u011blou alternativou tu jsou \u010derpadla Brno https:\/\/www.sunus.cz\/tepelna-cerpadla, kter\u00e1 funguj\u00ed na principu vzduch\/voda a mohou sv\u00fdm u\u017eivatel\u016fm nab\u00eddnout maximum tepla p\u0159i minim\u00e1ln\u00edch v\u00fddaj\u00edch. S takov\u00fdmi \u010derpadly je topen\u00ed v\u0161estrann\u011b nejide\u00e1ln\u011bj\u0161\u00ed, jak jen si to lze p\u0159edstavit. A proto se na tato \u010derpadla s\u00e1z\u00ed st\u00e1le \u010dast\u011bji jak u novostaveb, tak i u budov proch\u00e1zej\u00edc\u00edch rekonstrukc\u00ed. Proto\u017ee jde o \u0159e\u0161en\u00ed, kter\u00e9 je perspektivn\u00ed. D\u00edky kter\u00e9mu se nikdo z na\u0161inc\u016f nezruinuje p\u0159i placen\u00ed energi\u00ed, bez ohledu na to, jak se jejich ceny budou vyv\u00edjet d\u00e1le. Tady to ani inflace, ani Rusov\u00e9 nedopracuj\u00ed tak daleko, aby musel na\u0161inec mrznout, nemaje u\u017e ani na topen\u00ed.                                                                                                                                                                                                                                                                                                                                                                                          3.6\/5 - (7 votes)        "},{"@context":"https:\/\/schema.org\/","@type":"BreadcrumbList","itemListElement":[{"@type":"ListItem","position":1,"name":"M\u00e1te tepeln\u00e9 \u010derpadlo?","item":"https:\/\/www.vamez.cz\/mate-tepelne-cerpadlo\/#breadcrumbitem"}]}]