[{"@context":"https:\/\/schema.org\/","@type":"Article","@id":"https:\/\/www.vamez.cz\/lyzovani-v-cervene-vode\/#Article","mainEntityOfPage":"https:\/\/www.vamez.cz\/lyzovani-v-cervene-vode\/","headline":"Ly\u017eov\u00e1n\u00ed v \u010cerven\u00e9 Vod\u011b","name":"Ly\u017eov\u00e1n\u00ed v \u010cerven\u00e9 Vod\u011b","description":"\u010cerven\u00e1 Voda je vyhl\u00e1\u0161en\u00e9 st\u0159edisko na rozhran\u00ed Orlick\u00fdch hor, Jesen\u00edk\u016f a Kr\u00e1lick\u00e9ho Sn\u011b\u017en\u00edku, kde m\u016f\u017eete v zimn\u00edm obdob\u00ed provozovat b\u011b\u017eeck\u00e9 a sjezdov\u00e9 ly\u017eov\u00e1n\u00ed a po zbytek roku dal\u0161\u00ed sportovn\u00ed aktivity, nap\u0159. cykloturistiku. Zam\u011b\u0159\u00edme-li se na sjezdov\u00e9 ly\u017eov\u00e1n\u00ed, m\u00e1te tu k dispozici \u010dty\u0159i velmi atraktivn\u00ed sjezdov\u00e9 trat\u011b, vedouc\u00ed k vrcholu Bukov\u00e9 hory, kter\u00e9 vznikly propojen\u00edm dvou &hellip; ","datePublished":"2022-07-08","dateModified":"2023-05-07","author":{"@type":"Person","@id":"https:\/\/www.vamez.cz\/author\/devene\/#Person","name":"devene","url":"https:\/\/www.vamez.cz\/author\/devene\/","identifier":1,"image":{"@type":"ImageObject","@id":"https:\/\/secure.gravatar.com\/avatar\/093836c6bc976bea6a4c3cd39f9136c261430c33201aa865249fef2be34e3fdb?s=96&d=mm&r=g","url":"https:\/\/secure.gravatar.com\/avatar\/093836c6bc976bea6a4c3cd39f9136c261430c33201aa865249fef2be34e3fdb?s=96&d=mm&r=g","height":96,"width":96}},"publisher":{"@type":"Organization","name":"vamez.cz","logo":{"@type":"ImageObject","@id":"\/logo.png","url":"\/logo.png","width":600,"height":60}},"image":{"@type":"ImageObject","@id":"https:\/\/www.vamez.cz\/wp-content\/uploads\/country-4406297_640_2.jpg","url":"https:\/\/www.vamez.cz\/wp-content\/uploads\/country-4406297_640_2.jpg","height":0,"width":0},"url":"https:\/\/www.vamez.cz\/lyzovani-v-cervene-vode\/","about":["Podnik\u00e1n\u00ed"],"wordCount":415,"articleBody":"   \u010cerven\u00e1 Voda je vyhl\u00e1\u0161en\u00e9 st\u0159edisko na rozhran\u00ed Orlick\u00fdch hor, Jesen\u00edk\u016f a Kr\u00e1lick\u00e9ho Sn\u011b\u017en\u00edku, kde m\u016f\u017eete v zimn\u00edm obdob\u00ed provozovat b\u011b\u017eeck\u00e9 a sjezdov\u00e9 ly\u017eov\u00e1n\u00ed a po zbytek roku dal\u0161\u00ed sportovn\u00ed aktivity, nap\u0159. cykloturistiku. Zam\u011b\u0159\u00edme-li se na sjezdov\u00e9 ly\u017eov\u00e1n\u00ed, m\u00e1te tu k dispozici \u010dty\u0159i velmi atraktivn\u00ed sjezdov\u00e9 trat\u011b, vedouc\u00ed k vrcholu Bukov\u00e9 hory, kter\u00e9 vznikly propojen\u00edm dvou ski are\u00e1l\u016f v jeden celek, a sice \u010cenkovic a \u010cerven\u00e9 Vody. K nejvy\u0161\u0161\u00edmu bodu Bukov\u00e9 hory ve v\u00fd\u0161ce 958 metr\u016f nad mo\u0159em vyv\u00e1\u017e\u00ed ly\u017ea\u0159e dv\u011b seda\u010dkov\u00e9 lanov\u00e9 dr\u00e1hy, ka\u017ed\u00e1 z jin\u00e9ho sm\u011bru, a jeden kotvov\u00fd ly\u017ea\u0159sk\u00fd vlek. K dispozici tu m\u00e1te pak je\u0161t\u011b cvi\u010dnou louku Nad parkovi\u0161t\u011bm a dv\u011b krat\u0161\u00ed mod\u0159e zna\u010den\u00e9 sjezdovky s n\u00e1zvy Vigona a \u010cenkovick\u00e1.Hlavn\u00edm tah\u00e1kem ly\u017ea\u0159sk\u00e9 sezony je tu v\u017edy sjezdovka Ml\u00fdnice, ta je vybudov\u00e1na na v\u00fdchodn\u00edch svaz\u00edch Bukov\u00e9 hory. Jej\u00ed d\u00e9lka p\u0159evy\u0161uje dva kilometry a pat\u0159\u00ed k nejdel\u0161\u00edm sjezdovk\u00e1m v \u010cesk\u00e9 republice. M\u00e1te odtud kr\u00e1sn\u00fd panoramatick\u00fd v\u00fdhled, jak\u00fd se v\u00e1m nenaskytne v mnoha ly\u017ea\u0159sk\u00fdch st\u0159edisc\u00edch, a co je podstatn\u00e9, sjezdovka Ml\u00fdnice a soub\u011b\u017en\u00e1 sjezdovka Heroltick\u00e1 jsou velmi \u0161irok\u00e9, p\u0159ehledn\u00e9 a bezpe\u010dn\u00e9, vhodn\u00e9 i pro za\u010d\u00ednaj\u00edc\u00ed ly\u017ea\u0159e.Ly\u017eov\u00e1n\u00ed v Orlick\u00fdch hor\u00e1ch se tak\u00e9 vyzna\u010duje klidnou atmosf\u00e9rou, nen\u00ed to tu zkr\u00e1tka jako ve \u0160pindlu. U\u017eijete si tu pohodov\u00e9 ly\u017eov\u00e1n\u00ed i s d\u011btmi a va\u0161e dovolen\u00e1 m\u016f\u017ee nab\u00fdvat mnohem p\u0159\u00edzniv\u011bj\u0161\u00edch rozm\u011br\u016f, ne\u017e v are\u00e1lech p\u0159elidn\u011bn\u00fdch a p\u0159edra\u017een\u00fdch. V\u00fdhodou je i spole\u010dn\u00fd skipas pro ubytovan\u00e9 na stran\u011b \u010cenkovic i \u010cerven\u00e9 Vody, plat\u00ed pro v\u0161echny vleky a lanovky na obou stran\u00e1ch Bukov\u00e9 hory, tak\u017ee si tu m\u016f\u017eete sami zvolit, zda d\u00e1te p\u0159ednost ly\u017eov\u00e1n\u00ed se sluncem v z\u00e1dech nebo p\u0159ed sebou.O dostatek sn\u011bhu se tu star\u00e1 zasn\u011b\u017eovac\u00ed syst\u00e9m pro v\u00fdrobu technick\u00e9ho sn\u011bhu a samoz\u0159ejm\u011b i ten sn\u00edh p\u0159\u00edrodn\u00ed, pokud n\u011bjak\u00fd napadne. V Orlick\u00fdch hor\u00e1ch se ale nest\u00e1v\u00e1, \u017ee by byla o p\u0159\u00edrodn\u00ed sn\u00edh nouze.                                                                                                                                                                                                                                                                                                                                                                                          4.6\/5 - (10 votes)        "},{"@context":"https:\/\/schema.org\/","@type":"BreadcrumbList","itemListElement":[{"@type":"ListItem","position":1,"name":"Ly\u017eov\u00e1n\u00ed v \u010cerven\u00e9 Vod\u011b","item":"https:\/\/www.vamez.cz\/lyzovani-v-cervene-vode\/#breadcrumbitem"}]}]