[{"@context":"https:\/\/schema.org\/","@type":"Article","@id":"https:\/\/www.vamez.cz\/krasa-a-lide\/#Article","mainEntityOfPage":"https:\/\/www.vamez.cz\/krasa-a-lide\/","headline":"Kr\u00e1sa a lid\u00e9","name":"Kr\u00e1sa a lid\u00e9","description":"Mysl\u00edte si, \u017ee kr\u00e1sn\u00ed lid\u00e9 to maj\u00ed v \u017eivot\u011b opravdu v\u00edce jednoduch\u00e9? Proto\u017ee kolikr\u00e1t sl\u00fdch\u00e1v\u00e1m lidi, jak se bav\u00ed o tom, \u017ee kr\u00e1sn\u00ed lid\u00e9 to maj\u00ed ve v\u0161em jednodu\u0161\u0161\u00ed. A \u017ee pr\u00fd taky dokonce z\u00edskaj\u00ed lep\u0161\u00ed pr\u00e1ci ne\u017e m\u00e9n\u011b atraktivn\u00ed lid\u00e9. Co si o tom mysl\u00edte vy? Je to podle v\u00e1s pravda? J\u00e1 si mysl\u00edm, &hellip; ","datePublished":"2022-05-05","dateModified":"2023-05-07","author":{"@type":"Person","@id":"https:\/\/www.vamez.cz\/author\/devene\/#Person","name":"devene","url":"https:\/\/www.vamez.cz\/author\/devene\/","identifier":1,"image":{"@type":"ImageObject","@id":"https:\/\/secure.gravatar.com\/avatar\/093836c6bc976bea6a4c3cd39f9136c261430c33201aa865249fef2be34e3fdb?s=96&d=mm&r=g","url":"https:\/\/secure.gravatar.com\/avatar\/093836c6bc976bea6a4c3cd39f9136c261430c33201aa865249fef2be34e3fdb?s=96&d=mm&r=g","height":96,"width":96}},"publisher":{"@type":"Organization","name":"vamez.cz","logo":{"@type":"ImageObject","@id":"\/logo.png","url":"\/logo.png","width":600,"height":60}},"image":{"@type":"ImageObject","@id":"https:\/\/www.vamez.cz\/wp-content\/uploads\/cooking-gca112c5ba_1280_1.png","url":"https:\/\/www.vamez.cz\/wp-content\/uploads\/cooking-gca112c5ba_1280_1.png","height":0,"width":0},"url":"https:\/\/www.vamez.cz\/krasa-a-lide\/","about":["Kr\u00e1sa"],"wordCount":433,"articleBody":"Mysl\u00edte si, \u017ee kr\u00e1sn\u00ed lid\u00e9 to maj\u00ed v \u017eivot\u011b opravdu v\u00edce jednoduch\u00e9? Proto\u017ee kolikr\u00e1t sl\u00fdch\u00e1v\u00e1m lidi, jak se bav\u00ed o tom, \u017ee kr\u00e1sn\u00ed lid\u00e9 to maj\u00ed ve v\u0161em jednodu\u0161\u0161\u00ed. A \u017ee pr\u00fd taky dokonce z\u00edskaj\u00ed lep\u0161\u00ed pr\u00e1ci ne\u017e m\u00e9n\u011b atraktivn\u00ed lid\u00e9. Co si o tom mysl\u00edte vy? Je to podle v\u00e1s pravda? J\u00e1 si mysl\u00edm, \u017ee \u00fapln\u00e1 pravda to nen\u00ed, ale m\u00e1lo pravdy samoz\u0159ejm\u011b na to opravdu bude. A kolikr\u00e1t jsem t\u0159eba byla sv\u011bdkem, kdy\u017e n\u011bkdo vybral do pr\u00e1ce n\u011bkoho, kdo se mu l\u00edbil. A to v\u00edm podle toho, proto\u017ee kdy\u017e jsem si potom zji\u0161\u0165ovala jejich kvalifikace, v\u0161ech uchaze\u010d\u016f, tak jsem se dozv\u011bd\u011bla, \u017ee tam byli dva a v\u00edce kvalifikovan\u00ed ne\u017e ten \u010dlov\u011bk, kter\u00e9ho vybrali do pr\u00e1ce. Podle m\u011b tohle absolutn\u011b nespravedliv\u00e9. J\u00e1 v\u00edm, vy si mo\u017en\u00e1 \u0159\u00edk\u00e1te, \u017ee t\u0159eba ten \u010dlov\u011bk m\u011bl opravdu lep\u0161\u00ed v praxi, p\u0159i\u010dem\u017e t\u0159eba nepot\u0159eboval ani kvalifikaci. J\u00e1 v\u00e1s ch\u00e1pu, ale stejn\u011b je to divn\u00e9.Vybrat n\u011bkoho, kdo m\u00e1 men\u0161\u00ed kvalifikaci? Tady u\u017e n\u011bco opravdu nehraje. Tak\u017ee si mysl\u00edm, \u017ee tady hr\u00e1l roli asi vzhled. A uznejme si to. Kdy\u017e jsem toho m\u016f\u017ee vid\u011bla, kter\u00fd z\u00edskal tu pr\u00e1ci, tak byl opravdu kr\u00e1sn\u00fd. Byl vysok\u00fd gentleman, urostl\u00fd a taky m\u011bl kr\u00e1sn\u00e9 hust\u00e9 vlasy. Tak j\u00e1 se opravdu nediv\u00edm, \u017ee \u0161\u00e9fov\u00e9 se musel l\u00edbit. A mo\u017en\u00e1 to tak taky bylo, proto\u017ee moje \u0161\u00e9fov\u00e1 s n\u00edm asi za rok m\u011bla svatbu. Tak\u017ee nev\u00edm, \u010demu m\u00e1m v\u011b\u0159it. Ale abych se p\u0159iznala, tak kr\u00e1sn\u00ed lid\u00e9 to v \u017eivot\u011b maj\u00ed o n\u011bco v\u00edce jednodu\u0161\u0161\u00ed ne\u017e ti lid\u00e9, co jsou m\u00e9n\u011b atraktivn\u00ed. J\u00e1 v\u00edm, \u017ee je to do takov\u00e9 hodn\u011b povrchn\u00ed, ale opravdu m\u016fj n\u00e1zor je takov\u00fd a nezm\u011bn\u00edm. J\u00e1 sice\u00a0povrchn\u00ed\u00a0v\u016fbec nejsem, nehled\u00edm jenom na kr\u00e1su.\u00a0J\u00e1\u00a0si t\u0159eba ni\u00a0nedok\u00e1\u017eu\u00a0vybrat partnera na\u00a0online\u00a0seznamce.\u00a0Nejde mi\u00a0si vybrat\u00a0pouze\u00a0na\u00a0z\u00e1klad\u011b\u00a0vzhledu?\u00a0Co\u00a0kdy\u017e\u00a0to\u00a0bude kr\u00e1sn\u00fd, p\u0159en\u00e1dhern\u00fd blbe\u010dek? Tak to tedy v\u016fbec. rad\u011bji\u00a0potk\u00e1m\u00a0sv\u00e9ho mu\u017ee sn\u016f t\u0159eba ve\u00a0front\u011b\u00a0na rohl\u00edky nebo ve\u00a0front\u011b\u00a0na\u00a0wc, kde prohod\u00edme t\u0159eba p\u00e1r slov. A o to mi jde. O rozhovor.\u00a0                                                                                                                                                                                                                                                                                                                                                                                        4.4\/5 - (7 votes)        "},{"@context":"https:\/\/schema.org\/","@type":"BreadcrumbList","itemListElement":[{"@type":"ListItem","position":1,"name":"Kr\u00e1sa a lid\u00e9","item":"https:\/\/www.vamez.cz\/krasa-a-lide\/#breadcrumbitem"}]}]