[{"@context":"https:\/\/schema.org\/","@type":"Article","@id":"https:\/\/www.vamez.cz\/komponent-na-auto\/#Article","mainEntityOfPage":"https:\/\/www.vamez.cz\/komponent-na-auto\/","headline":"Komponent na auto","name":"Komponent na auto","description":"V\u00edte, co to je \u0161krt\u00edc\u00ed klapka na Volkswagen Polo? J\u00e1 jsem to sly\u0161ela \u00fapln\u011b poprv\u00e9 v \u017eivot\u011b. Ze za\u010d\u00e1tku jsem si myslela, \u017ee se jedn\u00e1 o n\u011bjak\u00fd vtip, proto\u017ee tohle snad ani nem\u016f\u017ee existovat. N\u011bjak\u00e9 \u0161krtidlo? Co to m\u016f\u017ee znamenat, kdy\u017e se \u0159ekne \u0161krt\u00edc\u00ed klapka na Volkswagen Polo? Jako prvn\u00ed jsem si vybavila, \u017ee se &hellip; ","datePublished":"2022-08-21","dateModified":"2023-05-07","author":{"@type":"Person","@id":"https:\/\/www.vamez.cz\/author\/devene\/#Person","name":"devene","url":"https:\/\/www.vamez.cz\/author\/devene\/","identifier":1,"image":{"@type":"ImageObject","@id":"https:\/\/secure.gravatar.com\/avatar\/093836c6bc976bea6a4c3cd39f9136c261430c33201aa865249fef2be34e3fdb?s=96&d=mm&r=g","url":"https:\/\/secure.gravatar.com\/avatar\/093836c6bc976bea6a4c3cd39f9136c261430c33201aa865249fef2be34e3fdb?s=96&d=mm&r=g","height":96,"width":96}},"publisher":{"@type":"Organization","name":"vamez.cz","logo":{"@type":"ImageObject","@id":"\/logo.png","url":"\/logo.png","width":600,"height":60}},"image":{"@type":"ImageObject","@id":"https:\/\/www.vamez.cz\/wp-content\/uploads\/car-5548242_960_720_1.jpg","url":"https:\/\/www.vamez.cz\/wp-content\/uploads\/car-5548242_960_720_1.jpg","height":0,"width":0},"url":"https:\/\/www.vamez.cz\/komponent-na-auto\/","about":["Produkty"],"wordCount":416,"articleBody":"    V\u00edte, co to je \u0161krt\u00edc\u00ed klapka na Volkswagen Polo? J\u00e1 jsem to sly\u0161ela \u00fapln\u011b poprv\u00e9 v \u017eivot\u011b. Ze za\u010d\u00e1tku jsem si myslela, \u017ee se jedn\u00e1 o n\u011bjak\u00fd vtip, proto\u017ee tohle snad ani nem\u016f\u017ee existovat. N\u011bjak\u00e9 \u0161krtidlo? Co to m\u016f\u017ee znamenat, kdy\u017e se \u0159ekne \u0161krt\u00edc\u00ed klapka na Volkswagen Polo? Jako prvn\u00ed jsem si vybavila, \u017ee se jedn\u00e1 o n\u011bjakou zbra\u0148, \u010d\u00edm se \u0161krt\u00ed lidi. Samoz\u0159ejm\u011b, \u017ee to nebyla pravda, d\u00edkybohu. Jenom\u017ee jsem si m\u011bla p\u0159edstavit prvn\u00ed v\u011bc a ta, kter\u00e1 m\u011b pod t\u00edmto slovem napadne, tak jsem si opravdu myslela tohle. Morbidn\u00ed? Mo\u017en\u00e1. J\u00e1 v\u00edm, je to docela hodn\u011b morbidn\u00ed, ale nem\u016f\u017eu si pomoct. Nicm\u00e9n\u011b potom jsem se ale zeptala souseda, proto\u017ee mi to v\u00e1\u017en\u011b nedalo a cht\u011bla jsem v\u011bd\u011bt opravdu p\u0159esnou odpov\u011b\u010f, jestli si ze m\u011b ned\u011bl\u00e1 t\u0159eba n\u011bkdo srandu. A nakonec to dopadlo tak, \u017ee si srandu \u017ee m\u011b nikdo ned\u011blal. \u0160krt\u00edc\u00ed klapka na Volkswagen Polo opravdu existuje.Byla jsem docela v \u0161oku, proto\u017ee \u0159idi\u010dsk\u00fd pr\u016fkaz m\u00e1m deset let a pamatuji si, \u017ee technickou v auto\u0161kole jsem m\u011bla opravdu perfektn\u00ed. V\u0161echno jsem v\u011bd\u011bla, a je\u0161t\u011b m\u011b pochv\u00e1lili, \u017ee na \u017eenu m\u00e1m techniku o autech moc dobrou. Tak\u017ee jsem se tro\u0161ku zastyd\u011bla. Nicm\u00e9n\u011b ale zase mus\u00edm \u0159\u00edct, \u017ee nikdo nen\u00ed dokonal\u00fd. A mo\u017en\u00e1 m\u00e1m n\u011bkter\u00e9 mezery ve vzd\u011bl\u00e1n\u00ed a sice techniky o autech, ale nejsem vlastn\u011b \u017e\u00e1dn\u00fd technik ani automechanik. Tak\u017ee na co bych m\u011bla v\u011bd\u011bt, co znamen\u00e1 \u0161krt\u00edc\u00ed klapka na Volkswagen Polo? Vlastn\u011b se za to ani nemus\u00edm styd\u011bt. Zaj\u00edmalo by m\u011b, kolik \u017een tohle v\u00ed.Anebo taky mu\u017e\u016f, t\u0159eba taky n\u011bjak\u00fd mu\u017e nebude v\u016fbec v\u011bd\u011bt, o \u010dem je \u0159e\u010d. Dok\u00e1\u017eu si p\u0159edstavit, \u017ee kdyby se ptala n\u011bkolika mu\u017e\u016f, tak ne ka\u017ed\u00fd to bude v\u011bd\u011bt. Proto\u017ee se mi taky kamar\u00e1d p\u0159iznal, \u017ee o tom taky nesly\u0161el. Tak\u017ee jsem na tom byla docela je\u0161t\u011b hodn\u011b dob\u0159e, tak jsem si \u0159ekla, \u017ee jsem vlastn\u011b docela dobr\u00e1. A co vy, mil\u00e9 d\u00e1my? Vy se vyzn\u00e1te dob\u0159e v technice, kter\u00e1 se zab\u00fdv\u00e1 auty? A co t\u0159eba z\u00e1hadn\u00e9 06a133064j Woocar.                                                                                                                                                                                                                                                                                                                                                                                         4.3\/5 - (12 votes)        "},{"@context":"https:\/\/schema.org\/","@type":"BreadcrumbList","itemListElement":[{"@type":"ListItem","position":1,"name":"Komponent na auto","item":"https:\/\/www.vamez.cz\/komponent-na-auto\/#breadcrumbitem"}]}]